{"id":2223,"date":"2026-08-31T01:00:00","date_gmt":"2026-08-31T01:00:00","guid":{"rendered":"https:\/\/imreszerdahelyi.de\/?p=2223"},"modified":"2026-08-28T08:52:19","modified_gmt":"2026-08-28T08:52:19","slug":"werbeartikel-b2b","status":"publish","type":"post","link":"https:\/\/imreszerdahelyi.de\/en\/werbeartikel-b2b\/","title":{"rendered":"Sind Werbeartikel im B2B noch zeitgem\u00e4\u00df? Warum Werbemittel weiterhin wirken"},"content":{"rendered":"<\/p>\n","protected":false},"excerpt":{"rendered":"","protected":false},"author":1,"featured_media":0,"comment_status":"open","ping_status":"open","sticky":false,"template":"","format":"standard","meta":{"_et_pb_use_builder":"on","_et_pb_old_content":"","_et_gb_content_width":"","footnotes":""},"categories":[1],"tags":[],"class_list":["post-2223","post","type-post","status-publish","format-standard","hentry","category-englisch"],"yoast_head":"<!-- This site is optimized with the Yoast SEO plugin v28.3 - https:\/\/yoast.com\/product\/yoast-seo-wordpress\/ -->\n<title>Werbeartikel im B2B: Warum Werbegeschenke weiterhin wirken<\/title>\n<meta name=\"description\" content=\"Werbeartikel im B2B sind noch immer zeitgem\u00e4\u00df: Warum Werbemittel weiterhin wirken und wie KMU sie strategisch f\u00fcr Sichtbarkeit und Kundenbindung einsetzen k\u00f6nnen.\" \/>\n<meta name=\"robots\" content=\"index, follow, max-snippet:-1, max-image-preview:large, max-video-preview:-1\" \/>\n<link rel=\"canonical\" href=\"https:\/\/imreszerdahelyi.de\/en\/werbeartikel-b2b\/\" \/>\n<meta property=\"og:locale\" content=\"en_US\" \/>\n<meta property=\"og:type\" content=\"article\" \/>\n<meta property=\"og:title\" content=\"Werbeartikel im B2B: Warum Werbegeschenke weiterhin wirken\" \/>\n<meta property=\"og:description\" content=\"Werbeartikel im B2B sind noch immer zeitgem\u00e4\u00df: Warum Werbemittel weiterhin wirken und wie KMU sie strategisch f\u00fcr Sichtbarkeit und Kundenbindung einsetzen k\u00f6nnen.\" \/>\n<meta property=\"og:url\" content=\"https:\/\/imreszerdahelyi.de\/en\/werbeartikel-b2b\/\" \/>\n<meta property=\"og:site_name\" content=\"imreszerdahelyi\" \/>\n<meta property=\"article:published_time\" content=\"2026-08-31T01:00:00+00:00\" \/>\n<meta name=\"author\" content=\"Imre\" \/>\n<meta name=\"twitter:card\" content=\"summary_large_image\" \/>\n<meta name=\"twitter:label1\" content=\"Written by\" \/>\n\t<meta name=\"twitter:data1\" content=\"Imre\" \/>\n<script type=\"application\/ld+json\" class=\"yoast-schema-graph\">{\"@context\":\"https:\\\/\\\/schema.org\",\"@graph\":[{\"@type\":\"Article\",\"@id\":\"https:\\\/\\\/imreszerdahelyi.de\\\/en\\\/werbeartikel-b2b\\\/#article\",\"isPartOf\":{\"@id\":\"https:\\\/\\\/imreszerdahelyi.de\\\/en\\\/werbeartikel-b2b\\\/\"},\"author\":{\"name\":\"Imre\",\"@id\":\"https:\\\/\\\/imreszerdahelyi.de\\\/en\\\/#\\\/schema\\\/person\\\/747ad037d0460c11d6ef7f9456bf4054\"},\"headline\":\"Sind Werbeartikel im B2B noch zeitgem\u00e4\u00df? Warum Werbemittel weiterhin wirken\",\"datePublished\":\"2026-08-31T01:00:00+00:00\",\"mainEntityOfPage\":{\"@id\":\"https:\\\/\\\/imreszerdahelyi.de\\\/en\\\/werbeartikel-b2b\\\/\"},\"wordCount\":11,\"commentCount\":0,\"articleSection\":[\"Englisch\"],\"inLanguage\":\"en-US\",\"potentialAction\":[{\"@type\":\"CommentAction\",\"name\":\"Comment\",\"target\":[\"https:\\\/\\\/imreszerdahelyi.de\\\/en\\\/werbeartikel-b2b\\\/#respond\"]}]},{\"@type\":\"WebPage\",\"@id\":\"https:\\\/\\\/imreszerdahelyi.de\\\/en\\\/werbeartikel-b2b\\\/\",\"url\":\"https:\\\/\\\/imreszerdahelyi.de\\\/en\\\/werbeartikel-b2b\\\/\",\"name\":\"Werbeartikel im B2B: Warum Werbegeschenke weiterhin wirken\",\"isPartOf\":{\"@id\":\"https:\\\/\\\/imreszerdahelyi.de\\\/en\\\/#website\"},\"datePublished\":\"2026-08-31T01:00:00+00:00\",\"author\":{\"@id\":\"https:\\\/\\\/imreszerdahelyi.de\\\/en\\\/#\\\/schema\\\/person\\\/747ad037d0460c11d6ef7f9456bf4054\"},\"description\":\"Werbeartikel im B2B sind noch immer zeitgem\u00e4\u00df: Warum Werbemittel weiterhin wirken und wie KMU sie strategisch f\u00fcr Sichtbarkeit und Kundenbindung einsetzen k\u00f6nnen.\",\"breadcrumb\":{\"@id\":\"https:\\\/\\\/imreszerdahelyi.de\\\/en\\\/werbeartikel-b2b\\\/#breadcrumb\"},\"inLanguage\":\"en-US\",\"potentialAction\":[{\"@type\":\"ReadAction\",\"target\":[\"https:\\\/\\\/imreszerdahelyi.de\\\/en\\\/werbeartikel-b2b\\\/\"]}]},{\"@type\":\"BreadcrumbList\",\"@id\":\"https:\\\/\\\/imreszerdahelyi.de\\\/en\\\/werbeartikel-b2b\\\/#breadcrumb\",\"itemListElement\":[{\"@type\":\"ListItem\",\"position\":1,\"name\":\"Startseite\",\"item\":\"https:\\\/\\\/imreszerdahelyi.de\\\/en\\\/\"},{\"@type\":\"ListItem\",\"position\":2,\"name\":\"Sind Werbeartikel im B2B noch zeitgem\u00e4\u00df? Warum Werbemittel weiterhin wirken\"}]},{\"@type\":\"WebSite\",\"@id\":\"https:\\\/\\\/imreszerdahelyi.de\\\/en\\\/#website\",\"url\":\"https:\\\/\\\/imreszerdahelyi.de\\\/en\\\/\",\"name\":\"imreszerdahelyi\",\"description\":\"\",\"potentialAction\":[{\"@type\":\"SearchAction\",\"target\":{\"@type\":\"EntryPoint\",\"urlTemplate\":\"https:\\\/\\\/imreszerdahelyi.de\\\/en\\\/?s={search_term_string}\"},\"query-input\":{\"@type\":\"PropertyValueSpecification\",\"valueRequired\":true,\"valueName\":\"search_term_string\"}}],\"inLanguage\":\"en-US\"},{\"@type\":\"Person\",\"@id\":\"https:\\\/\\\/imreszerdahelyi.de\\\/en\\\/#\\\/schema\\\/person\\\/747ad037d0460c11d6ef7f9456bf4054\",\"name\":\"Imre\",\"image\":{\"@type\":\"ImageObject\",\"inLanguage\":\"en-US\",\"@id\":\"https:\\\/\\\/imreszerdahelyi.de\\\/wp-content\\\/litespeed\\\/avatar\\\/f54107d489ae25cb3bb96b044d6a01ec.jpg?ver=1788031140\",\"url\":\"https:\\\/\\\/imreszerdahelyi.de\\\/wp-content\\\/litespeed\\\/avatar\\\/f54107d489ae25cb3bb96b044d6a01ec.jpg?ver=1788031140\",\"contentUrl\":\"https:\\\/\\\/imreszerdahelyi.de\\\/wp-content\\\/litespeed\\\/avatar\\\/f54107d489ae25cb3bb96b044d6a01ec.jpg?ver=1788031140\",\"caption\":\"Imre\"},\"sameAs\":[\"https:\\\/\\\/imreszerdahelyi.de\"],\"url\":\"https:\\\/\\\/imreszerdahelyi.de\\\/en\\\/author\\\/admin_imreszerdahelyi\\\/\"}]}<\/script>\n<!-- \/ Yoast SEO plugin. -->","yoast_head_json":{"title":"Werbeartikel im B2B: Warum Werbegeschenke weiterhin wirken","description":"Werbeartikel im B2B sind noch immer zeitgem\u00e4\u00df: Warum Werbemittel weiterhin wirken und wie KMU sie strategisch f\u00fcr Sichtbarkeit und Kundenbindung einsetzen k\u00f6nnen.","robots":{"index":"index","follow":"follow","max-snippet":"max-snippet:-1","max-image-preview":"max-image-preview:large","max-video-preview":"max-video-preview:-1"},"canonical":"https:\/\/imreszerdahelyi.de\/en\/werbeartikel-b2b\/","og_locale":"en_US","og_type":"article","og_title":"Werbeartikel im B2B: Warum Werbegeschenke weiterhin wirken","og_description":"Werbeartikel im B2B sind noch immer zeitgem\u00e4\u00df: Warum Werbemittel weiterhin wirken und wie KMU sie strategisch f\u00fcr Sichtbarkeit und Kundenbindung einsetzen k\u00f6nnen.","og_url":"https:\/\/imreszerdahelyi.de\/en\/werbeartikel-b2b\/","og_site_name":"imreszerdahelyi","article_published_time":"2026-08-31T01:00:00+00:00","author":"Imre","twitter_card":"summary_large_image","twitter_misc":{"Written by":"Imre"},"schema":{"@context":"https:\/\/schema.org","@graph":[{"@type":"Article","@id":"https:\/\/imreszerdahelyi.de\/en\/werbeartikel-b2b\/#article","isPartOf":{"@id":"https:\/\/imreszerdahelyi.de\/en\/werbeartikel-b2b\/"},"author":{"name":"Imre","@id":"https:\/\/imreszerdahelyi.de\/en\/#\/schema\/person\/747ad037d0460c11d6ef7f9456bf4054"},"headline":"Sind Werbeartikel im B2B noch zeitgem\u00e4\u00df? Warum Werbemittel weiterhin wirken","datePublished":"2026-08-31T01:00:00+00:00","mainEntityOfPage":{"@id":"https:\/\/imreszerdahelyi.de\/en\/werbeartikel-b2b\/"},"wordCount":11,"commentCount":0,"articleSection":["Englisch"],"inLanguage":"en-US","potentialAction":[{"@type":"CommentAction","name":"Comment","target":["https:\/\/imreszerdahelyi.de\/en\/werbeartikel-b2b\/#respond"]}]},{"@type":"WebPage","@id":"https:\/\/imreszerdahelyi.de\/en\/werbeartikel-b2b\/","url":"https:\/\/imreszerdahelyi.de\/en\/werbeartikel-b2b\/","name":"Werbeartikel im B2B: Warum Werbegeschenke weiterhin wirken","isPartOf":{"@id":"https:\/\/imreszerdahelyi.de\/en\/#website"},"datePublished":"2026-08-31T01:00:00+00:00","author":{"@id":"https:\/\/imreszerdahelyi.de\/en\/#\/schema\/person\/747ad037d0460c11d6ef7f9456bf4054"},"description":"Werbeartikel im B2B sind noch immer zeitgem\u00e4\u00df: Warum Werbemittel weiterhin wirken und wie KMU sie strategisch f\u00fcr Sichtbarkeit und Kundenbindung einsetzen k\u00f6nnen.","breadcrumb":{"@id":"https:\/\/imreszerdahelyi.de\/en\/werbeartikel-b2b\/#breadcrumb"},"inLanguage":"en-US","potentialAction":[{"@type":"ReadAction","target":["https:\/\/imreszerdahelyi.de\/en\/werbeartikel-b2b\/"]}]},{"@type":"BreadcrumbList","@id":"https:\/\/imreszerdahelyi.de\/en\/werbeartikel-b2b\/#breadcrumb","itemListElement":[{"@type":"ListItem","position":1,"name":"Startseite","item":"https:\/\/imreszerdahelyi.de\/en\/"},{"@type":"ListItem","position":2,"name":"Sind Werbeartikel im B2B noch zeitgem\u00e4\u00df? Warum Werbemittel weiterhin wirken"}]},{"@type":"WebSite","@id":"https:\/\/imreszerdahelyi.de\/en\/#website","url":"https:\/\/imreszerdahelyi.de\/en\/","name":"imreszerdahelyi","description":"","potentialAction":[{"@type":"SearchAction","target":{"@type":"EntryPoint","urlTemplate":"https:\/\/imreszerdahelyi.de\/en\/?s={search_term_string}"},"query-input":{"@type":"PropertyValueSpecification","valueRequired":true,"valueName":"search_term_string"}}],"inLanguage":"en-US"},{"@type":"Person","@id":"https:\/\/imreszerdahelyi.de\/en\/#\/schema\/person\/747ad037d0460c11d6ef7f9456bf4054","name":"Imre","image":{"@type":"ImageObject","inLanguage":"en-US","@id":"https:\/\/imreszerdahelyi.de\/wp-content\/litespeed\/avatar\/f54107d489ae25cb3bb96b044d6a01ec.jpg?ver=1788031140","url":"https:\/\/imreszerdahelyi.de\/wp-content\/litespeed\/avatar\/f54107d489ae25cb3bb96b044d6a01ec.jpg?ver=1788031140","contentUrl":"https:\/\/imreszerdahelyi.de\/wp-content\/litespeed\/avatar\/f54107d489ae25cb3bb96b044d6a01ec.jpg?ver=1788031140","caption":"Imre"},"sameAs":["https:\/\/imreszerdahelyi.de"],"url":"https:\/\/imreszerdahelyi.de\/en\/author\/admin_imreszerdahelyi\/"}]}},"_links":{"self":[{"href":"https:\/\/imreszerdahelyi.de\/en\/wp-json\/wp\/v2\/posts\/2223","targetHints":{"allow":["GET"]}}],"collection":[{"href":"https:\/\/imreszerdahelyi.de\/en\/wp-json\/wp\/v2\/posts"}],"about":[{"href":"https:\/\/imreszerdahelyi.de\/en\/wp-json\/wp\/v2\/types\/post"}],"author":[{"embeddable":true,"href":"https:\/\/imreszerdahelyi.de\/en\/wp-json\/wp\/v2\/users\/1"}],"replies":[{"embeddable":true,"href":"https:\/\/imreszerdahelyi.de\/en\/wp-json\/wp\/v2\/comments?post=2223"}],"version-history":[{"count":4,"href":"https:\/\/imreszerdahelyi.de\/en\/wp-json\/wp\/v2\/posts\/2223\/revisions"}],"predecessor-version":[{"id":2227,"href":"https:\/\/imreszerdahelyi.de\/en\/wp-json\/wp\/v2\/posts\/2223\/revisions\/2227"}],"wp:attachment":[{"href":"https:\/\/imreszerdahelyi.de\/en\/wp-json\/wp\/v2\/media?parent=2223"}],"wp:term":[{"taxonomy":"category","embeddable":true,"href":"https:\/\/imreszerdahelyi.de\/en\/wp-json\/wp\/v2\/categories?post=2223"},{"taxonomy":"post_tag","embeddable":true,"href":"https:\/\/imreszerdahelyi.de\/en\/wp-json\/wp\/v2\/tags?post=2223"}],"curies":[{"name":"wp","href":"https:\/\/api.w.org\/{rel}","templated":true}]}}